{"id":7226,"date":"2024-07-25T14:01:15","date_gmt":"2024-07-25T12:01:15","guid":{"rendered":"https:\/\/zielentozycie.pl\/?p=7226"},"modified":"2024-07-25T14:40:32","modified_gmt":"2024-07-25T12:40:32","slug":"76th-aiph-annual-congress-set-to-take-place-in-warsaw-poland","status":"publish","type":"post","link":"https:\/\/zielentozycie.pl\/en\/76th-aiph-annual-congress-set-to-take-place-in-warsaw-poland\/","title":{"rendered":"76th AIPH Annual Congress set to take place in Warsaw, Poland!"},"content":{"rendered":"<p><strong>The 76th AIPH Annual Congress will be held in Warsaw, Poland, from 3-7 September 2024 alongside trade show Green is Life. The Congress will explore sustainability, marketing, and urban greening in Poland.<\/strong><\/p>\n<p>The five-day event is organised by the International Association of Horticultural Producers (AIPH) with the support of Host Partner the <a href=\"https:\/\/zszp.pl\/\" target=\"_blank\" rel=\"noopener\">Polish Nurserymen Association<\/a> and Headline Sponsor Biblo. Delegates are invited to Warsaw, home of AIPH-approved Horticultural Trade Show Green is Life. Organised by the Polish Nurserymen Association, the show is hosting its 31st edition from 5-7 September 2024. It showcases the horticultural retail and wholesale market in Poland and further afield. Delegates of the <a href=\"https:\/\/aiph.org\/event\/76th-aiph-annual-congress\/\" target=\"_blank\" rel=\"noopener\">76th AIPH Annual Congress<\/a> will have the chance to explore the show.<\/p>\n<p><a href=\"https:\/\/aiph.org\/event\/76th-aiph-annual-congress\/\" target=\"_blank\" rel=\"noopener\"><img loading=\"lazy\" decoding=\"async\" class=\"size-medium wp-image-7194 aligncenter\" src=\"https:\/\/zielentozycie.pl\/wp-content\/uploads\/2024\/07\/Congress-logo-1024x585-1-300x171.png\" alt=\"aiph kongres logo\" width=\"300\" height=\"171\" \/><\/a><\/p>\n<p>On Wednesday 4 September, organisers of forthcoming AIPH-approved Expos will share updates on their progress at the International Horticultural Expo Conference. Included in the schedule is a review of Expo 2023 Doha Qatar, which finished earlier this year, and a progress report from Expo 2027 Yokohama, Japan.<\/p>\n<p>Sustainability and marketing are on the agenda for the Horticultural Industry Conference on Thursday 5 September. Speakers include: Catherine Muller, President of Val\u2019hor; Edmund Timm, Manager Commerce, Marketing &amp; Communication for MPS; Joanna Cave, Chief Executive of Greenlife Industry Australia; and \u2018Uncle Wang\u2019, a social media influencer from China.<\/p>\n<p>A Green City Conference will be held on Friday 6 September. With a focus on urban greening in Poland, the Conference will welcome speakers from the country\u2019s prominent universities to present their research.<\/p>\n<p>Finally, on Saturday 7 September, delegates will be taken on tours of two local nurseries. The first is <a href=\"https:\/\/szmit.pl\/\" target=\"_blank\" rel=\"noopener\">Szmit Nursery<\/a>, a family business with a wide assortment of plants. They produce around one million plants per year and export to over 20 countries. Next, the tour will continue to <a href=\"https:\/\/www.clematis.com.pl\/\" target=\"_blank\" rel=\"noopener\">CLEMATIS \u0179r\u00f3d\u0142o Dobrych Pn\u0105czy in Pruszkow<\/a>. The nursery\u2019s main specialisation is the production of Clematis, with over 1,000 species and cultivars.<\/p>\n<p><iframe loading=\"lazy\" style=\"border: none; overflow: hidden;\" src=\"https:\/\/www.facebook.com\/plugins\/post.php?href=https%3A%2F%2Fwww.facebook.com%2FTheAIPH%2Fposts%2Fpfbid02FQ685QNsfhu4wLU6JDJTxGsaBtpKwHu6SDbiApKiGLi6nXJUFSw6QAQGCgGoA67Zl&amp;show_text=true&amp;width=500\" width=\"500\" height=\"609\" frameborder=\"0\" scrolling=\"no\" allowfullscreen=\"allowfullscreen\"><\/iframe><\/p>\n<p>For more information and to register for the <strong>76th AIPH Annual Congress<\/strong>, please visit the <a href=\"https:\/\/aiph.org\/\" target=\"_blank\" rel=\"noopener\">AIPH Website<\/a>.<\/p>\n<p><strong>AIPH thanks Host Partners the Polish Nurseryman Association and Green is Life, Headline Sponsor Biblo, Expo Conference Sponsor Doppelmayr, Industry Conference Sponsors Royal FloraHolland and MPS, and Media Partners FloraCulture International, Floriculture Today, and GuiaVerde for their support of the Congress.<\/strong><\/p>\n<p>For further press information:<br \/>\n<strong>Hannah Pinnells, Digital Marketing &amp; Communications Executive<\/strong><br \/>\nEmail: hannah.pinnells@aiph.org<br \/>\nWebsite: <a href=\"https:\/\/aiph.org\/\" target=\"_blank\" rel=\"noopener\">www.aiph.org<\/a> &amp;<a href=\"https:\/\/aiph.org\/floraculture\/\" target=\"_blank\" rel=\"noopener\"> www.floracultureinternational.com<\/a><\/p>\n<p><a href=\"https:\/\/aiph.org\/\" target=\"_blank\" rel=\"noopener\">AIPH<\/a> \u2013 the International Association of Horticultural Producers. Since 1948, AIPH has united horticultural producers in an international community that thrives to this day. Much has changed in that time. Technologies advanced, cities rose from the ground, and we have become more connected than ever. As a result, our essential bond with nature has been weakened. AIPH strives to reignite and uphold an appreciation of plants that we believe is a basic human instinct. We support the work of grower associations globally and together we champion a prosperous industry, growing plants that enhance lives, advance societies, and sustain our planet, for this generation and the next. AIPH is also the global approving body for International Horticultural Exhibitions, which are hosted by cities around the world.<br \/>\nWebsite:<a href=\"https:\/\/aiph.org\/\" target=\"_blank\" rel=\"noopener\"> www.aiph.org<\/a><\/p>\n","protected":false},"excerpt":{"rendered":"<p>The 76th AIPH Annual Congress will be held in Warsaw, Poland, from 3-7 September 2024 alongside trade show Green is Life. The Congress will explore sustainability, marketing, and urban greening in Poland. The five-day event is organised by the International Association of Horticultural Producers (AIPH) with the support of Host Partner the Polish Nurserymen Association [&hellip;]<\/p>\n","protected":false},"author":7,"featured_media":7184,"comment_status":"closed","ping_status":"closed","sticky":false,"template":"","format":"standard","meta":{"_et_pb_use_builder":"","_et_pb_old_content":"","_et_gb_content_width":"","footnotes":""},"categories":[11],"tags":[],"class_list":["post-7226","post","type-post","status-publish","format-standard","has-post-thumbnail","hentry","category-bez-kategorii"],"yoast_head":"<!-- This site is optimized with the Yoast SEO plugin v27.4 - https:\/\/yoast.com\/product\/yoast-seo-wordpress\/ -->\n<title>76th AIPH Annual Congress set to take place in Warsaw, Poland! - Zielen to zycie<\/title>\n<meta name=\"robots\" content=\"index, follow, max-snippet:-1, max-image-preview:large, max-video-preview:-1\" \/>\n<link rel=\"canonical\" href=\"https:\/\/zielentozycie.pl\/en\/76th-aiph-annual-congress-set-to-take-place-in-warsaw-poland\/\" \/>\n<meta property=\"og:locale\" content=\"en_US\" \/>\n<meta property=\"og:type\" content=\"article\" \/>\n<meta property=\"og:title\" content=\"76th AIPH Annual Congress set to take place in Warsaw, Poland! - Zielen to zycie\" \/>\n<meta property=\"og:description\" content=\"The 76th AIPH Annual Congress will be held in Warsaw, Poland, from 3-7 September 2024 alongside trade show Green is Life. The Congress will explore sustainability, marketing, and urban greening in Poland. The five-day event is organised by the International Association of Horticultural Producers (AIPH) with the support of Host Partner the Polish Nurserymen Association [&hellip;]\" \/>\n<meta property=\"og:url\" content=\"https:\/\/zielentozycie.pl\/en\/76th-aiph-annual-congress-set-to-take-place-in-warsaw-poland\/\" \/>\n<meta property=\"og:site_name\" content=\"Zielen to zycie\" \/>\n<meta property=\"article:publisher\" content=\"https:\/\/www.facebook.com\/zielentozycie\/\" \/>\n<meta property=\"article:published_time\" content=\"2024-07-25T12:01:15+00:00\" \/>\n<meta property=\"article:modified_time\" content=\"2024-07-25T12:40:32+00:00\" \/>\n<meta property=\"og:image\" content=\"https:\/\/zielentozycie.pl\/wp-content\/uploads\/2024\/07\/Warsaw-old-town-2.jpg\" \/>\n\t<meta property=\"og:image:width\" content=\"1000\" \/>\n\t<meta property=\"og:image:height\" content=\"667\" \/>\n\t<meta property=\"og:image:type\" content=\"image\/jpeg\" \/>\n<meta name=\"author\" content=\"Katarzyna Zabielska\" \/>\n<meta name=\"twitter:card\" content=\"summary_large_image\" \/>\n<meta name=\"twitter:label1\" content=\"Written by\" \/>\n\t<meta name=\"twitter:data1\" content=\"Katarzyna Zabielska\" \/>\n\t<meta name=\"twitter:label2\" content=\"Est. reading time\" \/>\n\t<meta name=\"twitter:data2\" content=\"4 minutes\" \/>\n<script type=\"application\/ld+json\" class=\"yoast-schema-graph\">{\"@context\":\"https:\\\/\\\/schema.org\",\"@graph\":[{\"@type\":\"Article\",\"@id\":\"https:\\\/\\\/zielentozycie.pl\\\/en\\\/76th-aiph-annual-congress-set-to-take-place-in-warsaw-poland\\\/#article\",\"isPartOf\":{\"@id\":\"https:\\\/\\\/zielentozycie.pl\\\/en\\\/76th-aiph-annual-congress-set-to-take-place-in-warsaw-poland\\\/\"},\"author\":{\"name\":\"Katarzyna Zabielska\",\"@id\":\"https:\\\/\\\/zielentozycie.pl\\\/en\\\/#\\\/schema\\\/person\\\/5bd8591882c9e3255f72cfb1920f394a\"},\"headline\":\"76th AIPH Annual Congress set to take place in Warsaw, Poland!\",\"datePublished\":\"2024-07-25T12:01:15+00:00\",\"dateModified\":\"2024-07-25T12:40:32+00:00\",\"mainEntityOfPage\":{\"@id\":\"https:\\\/\\\/zielentozycie.pl\\\/en\\\/76th-aiph-annual-congress-set-to-take-place-in-warsaw-poland\\\/\"},\"wordCount\":533,\"publisher\":{\"@id\":\"https:\\\/\\\/zielentozycie.pl\\\/en\\\/#organization\"},\"image\":{\"@id\":\"https:\\\/\\\/zielentozycie.pl\\\/en\\\/76th-aiph-annual-congress-set-to-take-place-in-warsaw-poland\\\/#primaryimage\"},\"thumbnailUrl\":\"https:\\\/\\\/zielentozycie.pl\\\/wp-content\\\/uploads\\\/2024\\\/07\\\/Warsaw-old-town-2.jpg\",\"articleSection\":[\"Bez kategorii\"],\"inLanguage\":\"en-US\"},{\"@type\":\"WebPage\",\"@id\":\"https:\\\/\\\/zielentozycie.pl\\\/en\\\/76th-aiph-annual-congress-set-to-take-place-in-warsaw-poland\\\/\",\"url\":\"https:\\\/\\\/zielentozycie.pl\\\/en\\\/76th-aiph-annual-congress-set-to-take-place-in-warsaw-poland\\\/\",\"name\":\"76th AIPH Annual Congress set to take place in Warsaw, Poland! - Zielen to zycie\",\"isPartOf\":{\"@id\":\"https:\\\/\\\/zielentozycie.pl\\\/en\\\/#website\"},\"primaryImageOfPage\":{\"@id\":\"https:\\\/\\\/zielentozycie.pl\\\/en\\\/76th-aiph-annual-congress-set-to-take-place-in-warsaw-poland\\\/#primaryimage\"},\"image\":{\"@id\":\"https:\\\/\\\/zielentozycie.pl\\\/en\\\/76th-aiph-annual-congress-set-to-take-place-in-warsaw-poland\\\/#primaryimage\"},\"thumbnailUrl\":\"https:\\\/\\\/zielentozycie.pl\\\/wp-content\\\/uploads\\\/2024\\\/07\\\/Warsaw-old-town-2.jpg\",\"datePublished\":\"2024-07-25T12:01:15+00:00\",\"dateModified\":\"2024-07-25T12:40:32+00:00\",\"breadcrumb\":{\"@id\":\"https:\\\/\\\/zielentozycie.pl\\\/en\\\/76th-aiph-annual-congress-set-to-take-place-in-warsaw-poland\\\/#breadcrumb\"},\"inLanguage\":\"en-US\",\"potentialAction\":[{\"@type\":\"ReadAction\",\"target\":[\"https:\\\/\\\/zielentozycie.pl\\\/en\\\/76th-aiph-annual-congress-set-to-take-place-in-warsaw-poland\\\/\"]}]},{\"@type\":\"ImageObject\",\"inLanguage\":\"en-US\",\"@id\":\"https:\\\/\\\/zielentozycie.pl\\\/en\\\/76th-aiph-annual-congress-set-to-take-place-in-warsaw-poland\\\/#primaryimage\",\"url\":\"https:\\\/\\\/zielentozycie.pl\\\/wp-content\\\/uploads\\\/2024\\\/07\\\/Warsaw-old-town-2.jpg\",\"contentUrl\":\"https:\\\/\\\/zielentozycie.pl\\\/wp-content\\\/uploads\\\/2024\\\/07\\\/Warsaw-old-town-2.jpg\",\"width\":1000,\"height\":667,\"caption\":\"Kongres AIPH w Warszawie\"},{\"@type\":\"BreadcrumbList\",\"@id\":\"https:\\\/\\\/zielentozycie.pl\\\/en\\\/76th-aiph-annual-congress-set-to-take-place-in-warsaw-poland\\\/#breadcrumb\",\"itemListElement\":[{\"@type\":\"ListItem\",\"position\":1,\"name\":\"Strona g\u0142\u00f3wna\",\"item\":\"https:\\\/\\\/zielentozycie.pl\\\/en\\\/\"},{\"@type\":\"ListItem\",\"position\":2,\"name\":\"76th AIPH Annual Congress set to take place in Warsaw, Poland!\"}]},{\"@type\":\"WebSite\",\"@id\":\"https:\\\/\\\/zielentozycie.pl\\\/en\\\/#website\",\"url\":\"https:\\\/\\\/zielentozycie.pl\\\/en\\\/\",\"name\":\"Zielen to zycie\",\"description\":\"Agencja Promocji Zieleni\",\"publisher\":{\"@id\":\"https:\\\/\\\/zielentozycie.pl\\\/en\\\/#organization\"},\"potentialAction\":[{\"@type\":\"SearchAction\",\"target\":{\"@type\":\"EntryPoint\",\"urlTemplate\":\"https:\\\/\\\/zielentozycie.pl\\\/en\\\/?s={search_term_string}\"},\"query-input\":{\"@type\":\"PropertyValueSpecification\",\"valueRequired\":true,\"valueName\":\"search_term_string\"}}],\"inLanguage\":\"en-US\"},{\"@type\":\"Organization\",\"@id\":\"https:\\\/\\\/zielentozycie.pl\\\/en\\\/#organization\",\"name\":\"Zielen to zycie\",\"url\":\"https:\\\/\\\/zielentozycie.pl\\\/en\\\/\",\"logo\":{\"@type\":\"ImageObject\",\"inLanguage\":\"en-US\",\"@id\":\"https:\\\/\\\/zielentozycie.pl\\\/en\\\/#\\\/schema\\\/logo\\\/image\\\/\",\"url\":\"https:\\\/\\\/zielentozycie.pl\\\/wp-content\\\/uploads\\\/2023\\\/07\\\/logo-menu.jpg\",\"contentUrl\":\"https:\\\/\\\/zielentozycie.pl\\\/wp-content\\\/uploads\\\/2023\\\/07\\\/logo-menu.jpg\",\"width\":646,\"height\":335,\"caption\":\"Zielen to zycie\"},\"image\":{\"@id\":\"https:\\\/\\\/zielentozycie.pl\\\/en\\\/#\\\/schema\\\/logo\\\/image\\\/\"},\"sameAs\":[\"https:\\\/\\\/www.facebook.com\\\/zielentozycie\\\/\",\"https:\\\/\\\/www.instagram.com\\\/zielentozycie\\\/\",\"https:\\\/\\\/www.youtube.com\\\/@ZIELENTOZYCIE\",\"https:\\\/\\\/www.linkedin.com\\\/company\\\/zielen-to-zycie\\\/\"]},{\"@type\":\"Person\",\"@id\":\"https:\\\/\\\/zielentozycie.pl\\\/en\\\/#\\\/schema\\\/person\\\/5bd8591882c9e3255f72cfb1920f394a\",\"name\":\"Katarzyna Zabielska\",\"image\":{\"@type\":\"ImageObject\",\"inLanguage\":\"en-US\",\"@id\":\"https:\\\/\\\/secure.gravatar.com\\\/avatar\\\/2d9781e9a743f9284411848bfe961f3d02bc99773539df5ae603828b2eb2404a?s=96&d=mm&r=g\",\"url\":\"https:\\\/\\\/secure.gravatar.com\\\/avatar\\\/2d9781e9a743f9284411848bfe961f3d02bc99773539df5ae603828b2eb2404a?s=96&d=mm&r=g\",\"contentUrl\":\"https:\\\/\\\/secure.gravatar.com\\\/avatar\\\/2d9781e9a743f9284411848bfe961f3d02bc99773539df5ae603828b2eb2404a?s=96&d=mm&r=g\",\"caption\":\"Katarzyna Zabielska\"},\"url\":\"https:\\\/\\\/zielentozycie.pl\\\/en\\\/author\\\/katarzynaa\\\/\"}]}<\/script>\n<!-- \/ Yoast SEO plugin. -->","yoast_head_json":{"title":"76th AIPH Annual Congress set to take place in Warsaw, Poland! - Zielen to zycie","robots":{"index":"index","follow":"follow","max-snippet":"max-snippet:-1","max-image-preview":"max-image-preview:large","max-video-preview":"max-video-preview:-1"},"canonical":"https:\/\/zielentozycie.pl\/en\/76th-aiph-annual-congress-set-to-take-place-in-warsaw-poland\/","og_locale":"en_US","og_type":"article","og_title":"76th AIPH Annual Congress set to take place in Warsaw, Poland! - Zielen to zycie","og_description":"The 76th AIPH Annual Congress will be held in Warsaw, Poland, from 3-7 September 2024 alongside trade show Green is Life. The Congress will explore sustainability, marketing, and urban greening in Poland. The five-day event is organised by the International Association of Horticultural Producers (AIPH) with the support of Host Partner the Polish Nurserymen Association [&hellip;]","og_url":"https:\/\/zielentozycie.pl\/en\/76th-aiph-annual-congress-set-to-take-place-in-warsaw-poland\/","og_site_name":"Zielen to zycie","article_publisher":"https:\/\/www.facebook.com\/zielentozycie\/","article_published_time":"2024-07-25T12:01:15+00:00","article_modified_time":"2024-07-25T12:40:32+00:00","og_image":[{"width":1000,"height":667,"url":"https:\/\/zielentozycie.pl\/wp-content\/uploads\/2024\/07\/Warsaw-old-town-2.jpg","type":"image\/jpeg"}],"author":"Katarzyna Zabielska","twitter_card":"summary_large_image","twitter_misc":{"Written by":"Katarzyna Zabielska","Est. reading time":"4 minutes"},"schema":{"@context":"https:\/\/schema.org","@graph":[{"@type":"Article","@id":"https:\/\/zielentozycie.pl\/en\/76th-aiph-annual-congress-set-to-take-place-in-warsaw-poland\/#article","isPartOf":{"@id":"https:\/\/zielentozycie.pl\/en\/76th-aiph-annual-congress-set-to-take-place-in-warsaw-poland\/"},"author":{"name":"Katarzyna Zabielska","@id":"https:\/\/zielentozycie.pl\/en\/#\/schema\/person\/5bd8591882c9e3255f72cfb1920f394a"},"headline":"76th AIPH Annual Congress set to take place in Warsaw, Poland!","datePublished":"2024-07-25T12:01:15+00:00","dateModified":"2024-07-25T12:40:32+00:00","mainEntityOfPage":{"@id":"https:\/\/zielentozycie.pl\/en\/76th-aiph-annual-congress-set-to-take-place-in-warsaw-poland\/"},"wordCount":533,"publisher":{"@id":"https:\/\/zielentozycie.pl\/en\/#organization"},"image":{"@id":"https:\/\/zielentozycie.pl\/en\/76th-aiph-annual-congress-set-to-take-place-in-warsaw-poland\/#primaryimage"},"thumbnailUrl":"https:\/\/zielentozycie.pl\/wp-content\/uploads\/2024\/07\/Warsaw-old-town-2.jpg","articleSection":["Bez kategorii"],"inLanguage":"en-US"},{"@type":"WebPage","@id":"https:\/\/zielentozycie.pl\/en\/76th-aiph-annual-congress-set-to-take-place-in-warsaw-poland\/","url":"https:\/\/zielentozycie.pl\/en\/76th-aiph-annual-congress-set-to-take-place-in-warsaw-poland\/","name":"76th AIPH Annual Congress set to take place in Warsaw, Poland! - Zielen to zycie","isPartOf":{"@id":"https:\/\/zielentozycie.pl\/en\/#website"},"primaryImageOfPage":{"@id":"https:\/\/zielentozycie.pl\/en\/76th-aiph-annual-congress-set-to-take-place-in-warsaw-poland\/#primaryimage"},"image":{"@id":"https:\/\/zielentozycie.pl\/en\/76th-aiph-annual-congress-set-to-take-place-in-warsaw-poland\/#primaryimage"},"thumbnailUrl":"https:\/\/zielentozycie.pl\/wp-content\/uploads\/2024\/07\/Warsaw-old-town-2.jpg","datePublished":"2024-07-25T12:01:15+00:00","dateModified":"2024-07-25T12:40:32+00:00","breadcrumb":{"@id":"https:\/\/zielentozycie.pl\/en\/76th-aiph-annual-congress-set-to-take-place-in-warsaw-poland\/#breadcrumb"},"inLanguage":"en-US","potentialAction":[{"@type":"ReadAction","target":["https:\/\/zielentozycie.pl\/en\/76th-aiph-annual-congress-set-to-take-place-in-warsaw-poland\/"]}]},{"@type":"ImageObject","inLanguage":"en-US","@id":"https:\/\/zielentozycie.pl\/en\/76th-aiph-annual-congress-set-to-take-place-in-warsaw-poland\/#primaryimage","url":"https:\/\/zielentozycie.pl\/wp-content\/uploads\/2024\/07\/Warsaw-old-town-2.jpg","contentUrl":"https:\/\/zielentozycie.pl\/wp-content\/uploads\/2024\/07\/Warsaw-old-town-2.jpg","width":1000,"height":667,"caption":"Kongres AIPH w Warszawie"},{"@type":"BreadcrumbList","@id":"https:\/\/zielentozycie.pl\/en\/76th-aiph-annual-congress-set-to-take-place-in-warsaw-poland\/#breadcrumb","itemListElement":[{"@type":"ListItem","position":1,"name":"Strona g\u0142\u00f3wna","item":"https:\/\/zielentozycie.pl\/en\/"},{"@type":"ListItem","position":2,"name":"76th AIPH Annual Congress set to take place in Warsaw, Poland!"}]},{"@type":"WebSite","@id":"https:\/\/zielentozycie.pl\/en\/#website","url":"https:\/\/zielentozycie.pl\/en\/","name":"Zielen to zycie","description":"Agencja Promocji Zieleni","publisher":{"@id":"https:\/\/zielentozycie.pl\/en\/#organization"},"potentialAction":[{"@type":"SearchAction","target":{"@type":"EntryPoint","urlTemplate":"https:\/\/zielentozycie.pl\/en\/?s={search_term_string}"},"query-input":{"@type":"PropertyValueSpecification","valueRequired":true,"valueName":"search_term_string"}}],"inLanguage":"en-US"},{"@type":"Organization","@id":"https:\/\/zielentozycie.pl\/en\/#organization","name":"Zielen to zycie","url":"https:\/\/zielentozycie.pl\/en\/","logo":{"@type":"ImageObject","inLanguage":"en-US","@id":"https:\/\/zielentozycie.pl\/en\/#\/schema\/logo\/image\/","url":"https:\/\/zielentozycie.pl\/wp-content\/uploads\/2023\/07\/logo-menu.jpg","contentUrl":"https:\/\/zielentozycie.pl\/wp-content\/uploads\/2023\/07\/logo-menu.jpg","width":646,"height":335,"caption":"Zielen to zycie"},"image":{"@id":"https:\/\/zielentozycie.pl\/en\/#\/schema\/logo\/image\/"},"sameAs":["https:\/\/www.facebook.com\/zielentozycie\/","https:\/\/www.instagram.com\/zielentozycie\/","https:\/\/www.youtube.com\/@ZIELENTOZYCIE","https:\/\/www.linkedin.com\/company\/zielen-to-zycie\/"]},{"@type":"Person","@id":"https:\/\/zielentozycie.pl\/en\/#\/schema\/person\/5bd8591882c9e3255f72cfb1920f394a","name":"Katarzyna Zabielska","image":{"@type":"ImageObject","inLanguage":"en-US","@id":"https:\/\/secure.gravatar.com\/avatar\/2d9781e9a743f9284411848bfe961f3d02bc99773539df5ae603828b2eb2404a?s=96&d=mm&r=g","url":"https:\/\/secure.gravatar.com\/avatar\/2d9781e9a743f9284411848bfe961f3d02bc99773539df5ae603828b2eb2404a?s=96&d=mm&r=g","contentUrl":"https:\/\/secure.gravatar.com\/avatar\/2d9781e9a743f9284411848bfe961f3d02bc99773539df5ae603828b2eb2404a?s=96&d=mm&r=g","caption":"Katarzyna Zabielska"},"url":"https:\/\/zielentozycie.pl\/en\/author\/katarzynaa\/"}]}},"_links":{"self":[{"href":"https:\/\/zielentozycie.pl\/en\/wp-json\/wp\/v2\/posts\/7226","targetHints":{"allow":["GET"]}}],"collection":[{"href":"https:\/\/zielentozycie.pl\/en\/wp-json\/wp\/v2\/posts"}],"about":[{"href":"https:\/\/zielentozycie.pl\/en\/wp-json\/wp\/v2\/types\/post"}],"author":[{"embeddable":true,"href":"https:\/\/zielentozycie.pl\/en\/wp-json\/wp\/v2\/users\/7"}],"replies":[{"embeddable":true,"href":"https:\/\/zielentozycie.pl\/en\/wp-json\/wp\/v2\/comments?post=7226"}],"version-history":[{"count":10,"href":"https:\/\/zielentozycie.pl\/en\/wp-json\/wp\/v2\/posts\/7226\/revisions"}],"predecessor-version":[{"id":7236,"href":"https:\/\/zielentozycie.pl\/en\/wp-json\/wp\/v2\/posts\/7226\/revisions\/7236"}],"wp:featuredmedia":[{"embeddable":true,"href":"https:\/\/zielentozycie.pl\/en\/wp-json\/wp\/v2\/media\/7184"}],"wp:attachment":[{"href":"https:\/\/zielentozycie.pl\/en\/wp-json\/wp\/v2\/media?parent=7226"}],"wp:term":[{"taxonomy":"category","embeddable":true,"href":"https:\/\/zielentozycie.pl\/en\/wp-json\/wp\/v2\/categories?post=7226"},{"taxonomy":"post_tag","embeddable":true,"href":"https:\/\/zielentozycie.pl\/en\/wp-json\/wp\/v2\/tags?post=7226"}],"curies":[{"name":"wp","href":"https:\/\/api.w.org\/{rel}","templated":true}]}}